{"id":79,"date":"2023-11-22T09:00:00","date_gmt":"2023-11-22T15:00:00","guid":{"rendered":"http:\/\/mona"},"modified":"2024-01-02T14:46:15","modified_gmt":"2024-01-02T20:46:15","slug":"vos-podes-denunciar-situaciones-de-discriminacion","status":"publish","type":"post","link":"https:\/\/ircacasabierta.org\/en\/vos-podes-denunciar-situaciones-de-discriminacion\/","title":{"rendered":"\u00a1Vos pod\u00e9s denunciar situaciones de discriminaci\u00f3n!"},"content":{"rendered":"<div data-elementor-type=\"wp-post\" data-elementor-id=\"79\" class=\"elementor elementor-79\" data-elementor-post-type=\"post\">\n\t\t\t\t<div class=\"elementor-element elementor-element-8d30af8 e-flex e-con-boxed e-con e-parent\" data-id=\"8d30af8\" data-element_type=\"container\" data-e-type=\"container\">\n\t\t\t\t\t<div class=\"e-con-inner\">\n\t\t<div class=\"elementor-element elementor-element-f6a37f8 e-con-full e-flex e-con e-child\" data-id=\"f6a37f8\" data-element_type=\"container\" data-e-type=\"container\">\n\t\t\t\t<div class=\"elementor-element elementor-element-e86ffbc elementor-widget elementor-widget-text-editor\" data-id=\"e86ffbc\" data-element_type=\"widget\" data-e-type=\"widget\" data-widget_type=\"text-editor.default\">\n\t\t\t\t<div class=\"elementor-widget-container\">\n\t\t\t\t\t\t\t\t\t<p>Si sos una persona LGBTIQ migrante, desplazada, solicitante de refugio o refugiada en Costa Rica, ten\u00e9s el derecho a denunciar cualquier situaci\u00f3n de violencia o discriminaci\u00f3n por el hecho de tu expresi\u00f3n de g\u00e9nero, orientaci\u00f3n sexual o pa\u00eds de procedencia.<\/p>\n<p>Asimismo, el Estado Costarricense est\u00e1 obligado a cumplir los Principios Fundamentales de la Doctrina de los Derechos Humanos, mediante el desarrollo de una cultura de equidad y respeto hacia todas las identidades, nacionalidades, etnias, y manifestaciones de g\u00e9nero, as\u00ed como a garantizar que cualquier persona pueda vivenciar su sexualidad de manera libre y sin violencia.<\/p>\n<p>En consecuencia, en b\u00fasqueda de protecci\u00f3n contra la discriminaci\u00f3n en el trabajo, en el Art\u00edculo 2 de ley de Reforma Procesal Laboral n. 9343, en su Art\u00edculo 404 del C\u00f3digo de Trabajo, estipula que est\u00e1 prohibida<i>\u00a0\u201ctoda discriminaci\u00f3n en el trabajo por razones de edad, etnia, sexo, religi\u00f3n, raza, orientaci\u00f3n sexual, estado civil, opini\u00f3n pol\u00edtica, ascendencia nacional, origen social, filiaci\u00f3n, discapacidad, afiliaci\u00f3n sindical, situaci\u00f3n econ\u00f3mica o cualquier otra forma an\u00e1loga de discriminaci\u00f3n\u201d<\/i>.<\/p>\t\t\t\t\t\t\t\t<\/div>\n\t\t\t\t<\/div>\n\t\t\t\t<\/div>\n\t\t<div class=\"elementor-element elementor-element-a773275 e-con-full e-flex e-con e-child\" data-id=\"a773275\" data-element_type=\"container\" data-e-type=\"container\">\n\t\t\t\t<div class=\"elementor-element elementor-element-4dd1de1 elementor-widget elementor-widget-image\" data-id=\"4dd1de1\" data-element_type=\"widget\" data-e-type=\"widget\" data-widget_type=\"image.default\">\n\t\t\t\t<div class=\"elementor-widget-container\">\n\t\t\t\t\t\t\t\t\t\t\t\t\t\t\t<img fetchpriority=\"high\" decoding=\"async\" width=\"800\" height=\"800\" src=\"https:\/\/ircacasabierta.org\/wp-content\/uploads\/2023\/11\/Dia-05-4-1024x1024.png\" class=\"attachment-large size-large wp-image-10442\" alt=\"\" srcset=\"https:\/\/ircacasabierta.org\/wp-content\/uploads\/2023\/11\/Dia-05-4-1024x1024.png 1024w, https:\/\/ircacasabierta.org\/wp-content\/uploads\/2023\/11\/Dia-05-4-300x300.png 300w, https:\/\/ircacasabierta.org\/wp-content\/uploads\/2023\/11\/Dia-05-4-150x150.png 150w, https:\/\/ircacasabierta.org\/wp-content\/uploads\/2023\/11\/Dia-05-4-768x768.png 768w, https:\/\/ircacasabierta.org\/wp-content\/uploads\/2023\/11\/Dia-05-4.png 1080w\" sizes=\"(max-width: 800px) 100vw, 800px\" title=\"\" \/>\t\t\t\t\t\t\t\t\t\t\t\t\t\t\t<\/div>\n\t\t\t\t<\/div>\n\t\t\t\t<\/div>\n\t\t\t\t\t<\/div>\n\t\t\t\t<\/div>\n\t\t\t\t<section class=\"elementor-section elementor-top-section elementor-element elementor-element-61c156 elementor-section-full_width elementor-section-height-default elementor-section-height-default\" data-id=\"61c156\" data-element_type=\"section\" data-e-type=\"section\">\n\t\t\t\t\t\t<div class=\"elementor-container elementor-column-gap-no\">\n\t\t\t\t\t<div class=\"elementor-column elementor-col-100 elementor-top-column elementor-element elementor-element-45ad8f06\" data-id=\"45ad8f06\" data-element_type=\"column\" data-e-type=\"column\">\n\t\t\t<div class=\"elementor-widget-wrap elementor-element-populated\">\n\t\t\t\t\t\t<div class=\"elementor-element elementor-element-1173976f elementor-widget elementor-widget-text-editor\" data-id=\"1173976f\" data-element_type=\"widget\" data-e-type=\"widget\" data-widget_type=\"text-editor.default\">\n\t\t\t\t<div class=\"elementor-widget-container\">\n\t\t\t\t\t\t\t\t\t<p><\/p>\n<p><span style=\"text-align: var(--text-align); background-color: var( --e-global-color-c696dce ); font-size: 1rem;\">Asimismo, el Ministerio de Educaci\u00f3n P\u00fablica (MEP) posee un protocolo, dirigido a personal administrativo, docentes y dem\u00e1s integrantes de la comunidad educativa, con herramientas b\u00e1sicas y serie de pr\u00e1cticas para la debida atenci\u00f3n e intervenci\u00f3n en situaciones de bullying, exclusi\u00f3n o restricci\u00f3n fundamentada por orientaci\u00f3n sexual y las identidades de g\u00e9nero contra poblaci\u00f3n LGTB inserta en los centros educativos.<\/span><br><\/p>\n<p><span style=\"font-weight: 400;\">Seg\u00fan Amnist\u00eda International, las personas que se identifican como lesbianas, gays, bisexuales, transexuales, intersexuales y queer, o que son percibides como tales, corren m\u00e1s peligros de ser sujetos de violencia por su orientaci\u00f3n sexual o identidad de g\u00e9nero. La cual suele ser invisibilizada o normalizada, por lo puede surgir en cualquier espacio, desde calles o restaurantes, hasta en entornos privados como el hogar e incluso ser perpetuada por la propia familia.<\/span><\/p>\n<p><span style=\"font-weight: 400;\">Como en b\u00fasqueda de una igualdad de las poblaciones que han sido hist\u00f3ricamente violentadas, desde el a\u00f1o 2022, el Inciso 11 del Art\u00edculo 112 del C\u00f3digo Penal sobre Homicidio Calificado en Costa Rica, se establece como crimen de odio: <\/span><i><span style=\"font-weight: 400;\">&#8220;al homicidio calificado que suceda a causa de la nacionalidad, raza, edad, sexo, opini\u00f3n pol\u00edtica, situaci\u00f3n migratoria, orientaci\u00f3n sexual, identidad o expresi\u00f3n de g\u00e9nero, discapacidad o caracter\u00edsticas gen\u00e9ticas&#8221;<\/span><\/i><span style=\"font-weight: 400;\">, con penas de entre 20 y 35 a\u00f1os.<\/span><\/p>\n<p><span style=\"font-weight: 400;\">Por ende, existen diversas herramientas, protocolos o leyes que permiten la protecci\u00f3n y mecanismos de denuncia ante distintas situaciones de violencia por motivos de g\u00e9nero u orientaci\u00f3n sexual, y est\u00e1s en tu total derecho de denunciar. Para conocer m\u00e1s mecanismos de denuncia, pod\u00e9s acercarte a IRCA CASABIERTA donde estaremos para apoyarte.<\/span><\/p>\n<p><\/p>\t\t\t\t\t\t\t\t<\/div>\n\t\t\t\t<\/div>\n\t\t\t\t\t<\/div>\n\t\t<\/div>\n\t\t\t\t\t<\/div>\n\t\t<\/section>\n\t\t\t\t<\/div>","protected":false},"excerpt":{"rendered":"<p>Blog post excerpt [1-2 lines]. This text is automatically pulled from your existing blog post.<\/p>\n","protected":false},"author":1,"featured_media":80,"comment_status":"open","ping_status":"open","sticky":false,"template":"","format":"standard","meta":{"_rtcl_gb_attr":"","footnotes":""},"categories":[8],"tags":[],"class_list":["post-79","post","type-post","status-publish","format-standard","has-post-thumbnail","hentry","category-blog"],"yoast_head":"<!-- This site is optimized with the Yoast SEO plugin v27.1.1 - https:\/\/yoast.com\/product\/yoast-seo-wordpress\/ -->\n<title>\u00a1Vos pod\u00e9s denunciar situaciones de discriminaci\u00f3n! - IRCA CASABIERTA<\/title>\n<meta name=\"robots\" content=\"index, follow, max-snippet:-1, max-image-preview:large, max-video-preview:-1\" \/>\n<link rel=\"canonical\" href=\"https:\/\/ircacasabierta.org\/en\/vos-podes-denunciar-situaciones-de-discriminacion\/\" \/>\n<meta property=\"og:locale\" content=\"en_US\" \/>\n<meta property=\"og:type\" content=\"article\" \/>\n<meta property=\"og:title\" content=\"\u00a1Vos pod\u00e9s denunciar situaciones de discriminaci\u00f3n! - IRCA CASABIERTA\" \/>\n<meta property=\"og:description\" content=\"Blog post excerpt [1-2 lines]. This text is automatically pulled from your existing blog post.\" \/>\n<meta property=\"og:url\" content=\"https:\/\/ircacasabierta.org\/en\/vos-podes-denunciar-situaciones-de-discriminacion\/\" \/>\n<meta property=\"og:site_name\" content=\"IRCA CASABIERTA\" \/>\n<meta property=\"article:publisher\" content=\"https:\/\/www.facebook.com\/IRCA.CASABIERTA\" \/>\n<meta property=\"article:published_time\" content=\"2023-11-22T15:00:00+00:00\" \/>\n<meta property=\"article:modified_time\" content=\"2024-01-02T20:46:15+00:00\" \/>\n<meta property=\"og:image\" content=\"https:\/\/ircacasabierta.org\/wp-content\/uploads\/2022\/03\/Image_Placeholder_3-131220211647-4.jpg\" \/>\n\t<meta property=\"og:image:width\" content=\"1027\" \/>\n\t<meta property=\"og:image:height\" content=\"835\" \/>\n\t<meta property=\"og:image:type\" content=\"image\/jpeg\" \/>\n<meta name=\"author\" content=\"IRCA CASABIERTA\" \/>\n<meta name=\"twitter:card\" content=\"summary_large_image\" \/>\n<meta name=\"twitter:creator\" content=\"@ICasabierta\" \/>\n<meta name=\"twitter:site\" content=\"@ICasabierta\" \/>\n<meta name=\"twitter:label1\" content=\"Written by\" \/>\n\t<meta name=\"twitter:data1\" content=\"IRCA CASABIERTA\" \/>\n\t<meta name=\"twitter:label2\" content=\"Est. reading time\" \/>\n\t<meta name=\"twitter:data2\" content=\"3 minutes\" \/>\n<script type=\"application\/ld+json\" class=\"yoast-schema-graph\">{\"@context\":\"https:\/\/schema.org\",\"@graph\":[{\"@type\":\"Article\",\"@id\":\"https:\/\/ircacasabierta.org\/vos-podes-denunciar-situaciones-de-discriminacion\/#article\",\"isPartOf\":{\"@id\":\"https:\/\/ircacasabierta.org\/vos-podes-denunciar-situaciones-de-discriminacion\/\"},\"author\":{\"name\":\"IRCA CASABIERTA\",\"@id\":\"https:\/\/ircacasabierta.org\/#\/schema\/person\/200a1025b20148423dc589e47a8001fd\"},\"headline\":\"\u00a1Vos pod\u00e9s denunciar situaciones de discriminaci\u00f3n!\",\"datePublished\":\"2023-11-22T15:00:00+00:00\",\"dateModified\":\"2024-01-02T20:46:15+00:00\",\"mainEntityOfPage\":{\"@id\":\"https:\/\/ircacasabierta.org\/vos-podes-denunciar-situaciones-de-discriminacion\/\"},\"wordCount\":485,\"commentCount\":0,\"publisher\":{\"@id\":\"https:\/\/ircacasabierta.org\/#organization\"},\"image\":{\"@id\":\"https:\/\/ircacasabierta.org\/vos-podes-denunciar-situaciones-de-discriminacion\/#primaryimage\"},\"thumbnailUrl\":\"https:\/\/ircacasabierta.org\/wp-content\/uploads\/2022\/03\/Image_Placeholder_3-131220211647-4.jpg\",\"articleSection\":[\"Blog\"],\"inLanguage\":\"en-US\",\"potentialAction\":[{\"@type\":\"CommentAction\",\"name\":\"Comment\",\"target\":[\"https:\/\/ircacasabierta.org\/vos-podes-denunciar-situaciones-de-discriminacion\/#respond\"]}]},{\"@type\":\"WebPage\",\"@id\":\"https:\/\/ircacasabierta.org\/vos-podes-denunciar-situaciones-de-discriminacion\/\",\"url\":\"https:\/\/ircacasabierta.org\/vos-podes-denunciar-situaciones-de-discriminacion\/\",\"name\":\"\u00a1Vos pod\u00e9s denunciar situaciones de discriminaci\u00f3n! - IRCA CASABIERTA\",\"isPartOf\":{\"@id\":\"https:\/\/ircacasabierta.org\/#website\"},\"primaryImageOfPage\":{\"@id\":\"https:\/\/ircacasabierta.org\/vos-podes-denunciar-situaciones-de-discriminacion\/#primaryimage\"},\"image\":{\"@id\":\"https:\/\/ircacasabierta.org\/vos-podes-denunciar-situaciones-de-discriminacion\/#primaryimage\"},\"thumbnailUrl\":\"https:\/\/ircacasabierta.org\/wp-content\/uploads\/2022\/03\/Image_Placeholder_3-131220211647-4.jpg\",\"datePublished\":\"2023-11-22T15:00:00+00:00\",\"dateModified\":\"2024-01-02T20:46:15+00:00\",\"breadcrumb\":{\"@id\":\"https:\/\/ircacasabierta.org\/vos-podes-denunciar-situaciones-de-discriminacion\/#breadcrumb\"},\"inLanguage\":\"en-US\",\"potentialAction\":[{\"@type\":\"ReadAction\",\"target\":[\"https:\/\/ircacasabierta.org\/vos-podes-denunciar-situaciones-de-discriminacion\/\"]}]},{\"@type\":\"ImageObject\",\"inLanguage\":\"en-US\",\"@id\":\"https:\/\/ircacasabierta.org\/vos-podes-denunciar-situaciones-de-discriminacion\/#primaryimage\",\"url\":\"https:\/\/ircacasabierta.org\/wp-content\/uploads\/2022\/03\/Image_Placeholder_3-131220211647-4.jpg\",\"contentUrl\":\"https:\/\/ircacasabierta.org\/wp-content\/uploads\/2022\/03\/Image_Placeholder_3-131220211647-4.jpg\",\"width\":1027,\"height\":835},{\"@type\":\"BreadcrumbList\",\"@id\":\"https:\/\/ircacasabierta.org\/vos-podes-denunciar-situaciones-de-discriminacion\/#breadcrumb\",\"itemListElement\":[{\"@type\":\"ListItem\",\"position\":1,\"name\":\"Portada\",\"item\":\"https:\/\/ircacasabierta.org\/\"},{\"@type\":\"ListItem\",\"position\":2,\"name\":\"\u00a1Vos pod\u00e9s denunciar situaciones de discriminaci\u00f3n!\"}]},{\"@type\":\"WebSite\",\"@id\":\"https:\/\/ircacasabierta.org\/#website\",\"url\":\"https:\/\/ircacasabierta.org\/\",\"name\":\"IRCA CASABIERTA\",\"description\":\"Instituto sobre Migraci\u00f3n y Refugio LGBTIQ para Centroam\u00e9rica\",\"publisher\":{\"@id\":\"https:\/\/ircacasabierta.org\/#organization\"},\"potentialAction\":[{\"@type\":\"SearchAction\",\"target\":{\"@type\":\"EntryPoint\",\"urlTemplate\":\"https:\/\/ircacasabierta.org\/?s={search_term_string}\"},\"query-input\":{\"@type\":\"PropertyValueSpecification\",\"valueRequired\":true,\"valueName\":\"search_term_string\"}}],\"inLanguage\":\"en-US\"},{\"@type\":\"Organization\",\"@id\":\"https:\/\/ircacasabierta.org\/#organization\",\"name\":\"IRCA CASABIERTA\",\"url\":\"https:\/\/ircacasabierta.org\/\",\"logo\":{\"@type\":\"ImageObject\",\"inLanguage\":\"en-US\",\"@id\":\"https:\/\/ircacasabierta.org\/#\/schema\/logo\/image\/\",\"url\":\"https:\/\/ircacasabierta.org\/wp-content\/uploads\/2023\/09\/LOGOTIPO-IRCA-CASABIERTA-COMPLETO.png\",\"contentUrl\":\"https:\/\/ircacasabierta.org\/wp-content\/uploads\/2023\/09\/LOGOTIPO-IRCA-CASABIERTA-COMPLETO.png\",\"width\":1651,\"height\":474,\"caption\":\"IRCA CASABIERTA\"},\"image\":{\"@id\":\"https:\/\/ircacasabierta.org\/#\/schema\/logo\/image\/\"},\"sameAs\":[\"https:\/\/www.facebook.com\/IRCA.CASABIERTA\",\"https:\/\/x.com\/ICasabierta\",\"https:\/\/www.instagram.com\/ircacasabierta\/\"]},{\"@type\":\"Person\",\"@id\":\"https:\/\/ircacasabierta.org\/#\/schema\/person\/200a1025b20148423dc589e47a8001fd\",\"name\":\"IRCA CASABIERTA\",\"image\":{\"@type\":\"ImageObject\",\"inLanguage\":\"en-US\",\"@id\":\"https:\/\/ircacasabierta.org\/#\/schema\/person\/image\/\",\"url\":\"https:\/\/secure.gravatar.com\/avatar\/e0b467fa3d74b82f1f704b619e3fe947feaf2472fc212a65679857e93a7e39f6?s=96&d=mm&r=g\",\"contentUrl\":\"https:\/\/secure.gravatar.com\/avatar\/e0b467fa3d74b82f1f704b619e3fe947feaf2472fc212a65679857e93a7e39f6?s=96&d=mm&r=g\",\"caption\":\"IRCA CASABIERTA\"},\"sameAs\":[\"http:\/\/www.ircacasabierta.org.com\"],\"url\":\"https:\/\/ircacasabierta.org\/en\/author\/user650a1cc39c825\/\"}]}<\/script>\n<!-- \/ Yoast SEO plugin. -->","yoast_head_json":{"title":"\u00a1Vos pod\u00e9s denunciar situaciones de discriminaci\u00f3n! - IRCA CASABIERTA","robots":{"index":"index","follow":"follow","max-snippet":"max-snippet:-1","max-image-preview":"max-image-preview:large","max-video-preview":"max-video-preview:-1"},"canonical":"https:\/\/ircacasabierta.org\/en\/vos-podes-denunciar-situaciones-de-discriminacion\/","og_locale":"en_US","og_type":"article","og_title":"\u00a1Vos pod\u00e9s denunciar situaciones de discriminaci\u00f3n! - IRCA CASABIERTA","og_description":"Blog post excerpt [1-2 lines]. This text is automatically pulled from your existing blog post.","og_url":"https:\/\/ircacasabierta.org\/en\/vos-podes-denunciar-situaciones-de-discriminacion\/","og_site_name":"IRCA CASABIERTA","article_publisher":"https:\/\/www.facebook.com\/IRCA.CASABIERTA","article_published_time":"2023-11-22T15:00:00+00:00","article_modified_time":"2024-01-02T20:46:15+00:00","og_image":[{"width":1027,"height":835,"url":"https:\/\/ircacasabierta.org\/wp-content\/uploads\/2022\/03\/Image_Placeholder_3-131220211647-4.jpg","type":"image\/jpeg"}],"author":"IRCA CASABIERTA","twitter_card":"summary_large_image","twitter_creator":"@ICasabierta","twitter_site":"@ICasabierta","twitter_misc":{"Written by":"IRCA CASABIERTA","Est. reading time":"3 minutes"},"schema":{"@context":"https:\/\/schema.org","@graph":[{"@type":"Article","@id":"https:\/\/ircacasabierta.org\/vos-podes-denunciar-situaciones-de-discriminacion\/#article","isPartOf":{"@id":"https:\/\/ircacasabierta.org\/vos-podes-denunciar-situaciones-de-discriminacion\/"},"author":{"name":"IRCA CASABIERTA","@id":"https:\/\/ircacasabierta.org\/#\/schema\/person\/200a1025b20148423dc589e47a8001fd"},"headline":"\u00a1Vos pod\u00e9s denunciar situaciones de discriminaci\u00f3n!","datePublished":"2023-11-22T15:00:00+00:00","dateModified":"2024-01-02T20:46:15+00:00","mainEntityOfPage":{"@id":"https:\/\/ircacasabierta.org\/vos-podes-denunciar-situaciones-de-discriminacion\/"},"wordCount":485,"commentCount":0,"publisher":{"@id":"https:\/\/ircacasabierta.org\/#organization"},"image":{"@id":"https:\/\/ircacasabierta.org\/vos-podes-denunciar-situaciones-de-discriminacion\/#primaryimage"},"thumbnailUrl":"https:\/\/ircacasabierta.org\/wp-content\/uploads\/2022\/03\/Image_Placeholder_3-131220211647-4.jpg","articleSection":["Blog"],"inLanguage":"en-US","potentialAction":[{"@type":"CommentAction","name":"Comment","target":["https:\/\/ircacasabierta.org\/vos-podes-denunciar-situaciones-de-discriminacion\/#respond"]}]},{"@type":"WebPage","@id":"https:\/\/ircacasabierta.org\/vos-podes-denunciar-situaciones-de-discriminacion\/","url":"https:\/\/ircacasabierta.org\/vos-podes-denunciar-situaciones-de-discriminacion\/","name":"\u00a1Vos pod\u00e9s denunciar situaciones de discriminaci\u00f3n! - IRCA CASABIERTA","isPartOf":{"@id":"https:\/\/ircacasabierta.org\/#website"},"primaryImageOfPage":{"@id":"https:\/\/ircacasabierta.org\/vos-podes-denunciar-situaciones-de-discriminacion\/#primaryimage"},"image":{"@id":"https:\/\/ircacasabierta.org\/vos-podes-denunciar-situaciones-de-discriminacion\/#primaryimage"},"thumbnailUrl":"https:\/\/ircacasabierta.org\/wp-content\/uploads\/2022\/03\/Image_Placeholder_3-131220211647-4.jpg","datePublished":"2023-11-22T15:00:00+00:00","dateModified":"2024-01-02T20:46:15+00:00","breadcrumb":{"@id":"https:\/\/ircacasabierta.org\/vos-podes-denunciar-situaciones-de-discriminacion\/#breadcrumb"},"inLanguage":"en-US","potentialAction":[{"@type":"ReadAction","target":["https:\/\/ircacasabierta.org\/vos-podes-denunciar-situaciones-de-discriminacion\/"]}]},{"@type":"ImageObject","inLanguage":"en-US","@id":"https:\/\/ircacasabierta.org\/vos-podes-denunciar-situaciones-de-discriminacion\/#primaryimage","url":"https:\/\/ircacasabierta.org\/wp-content\/uploads\/2022\/03\/Image_Placeholder_3-131220211647-4.jpg","contentUrl":"https:\/\/ircacasabierta.org\/wp-content\/uploads\/2022\/03\/Image_Placeholder_3-131220211647-4.jpg","width":1027,"height":835},{"@type":"BreadcrumbList","@id":"https:\/\/ircacasabierta.org\/vos-podes-denunciar-situaciones-de-discriminacion\/#breadcrumb","itemListElement":[{"@type":"ListItem","position":1,"name":"Portada","item":"https:\/\/ircacasabierta.org\/"},{"@type":"ListItem","position":2,"name":"\u00a1Vos pod\u00e9s denunciar situaciones de discriminaci\u00f3n!"}]},{"@type":"WebSite","@id":"https:\/\/ircacasabierta.org\/#website","url":"https:\/\/ircacasabierta.org\/","name":"IRCA CASABIERTA","description":"Instituto sobre Migraci\u00f3n y Refugio LGBTIQ para Centroam\u00e9rica","publisher":{"@id":"https:\/\/ircacasabierta.org\/#organization"},"potentialAction":[{"@type":"SearchAction","target":{"@type":"EntryPoint","urlTemplate":"https:\/\/ircacasabierta.org\/?s={search_term_string}"},"query-input":{"@type":"PropertyValueSpecification","valueRequired":true,"valueName":"search_term_string"}}],"inLanguage":"en-US"},{"@type":"Organization","@id":"https:\/\/ircacasabierta.org\/#organization","name":"IRCA CASABIERTA","url":"https:\/\/ircacasabierta.org\/","logo":{"@type":"ImageObject","inLanguage":"en-US","@id":"https:\/\/ircacasabierta.org\/#\/schema\/logo\/image\/","url":"https:\/\/ircacasabierta.org\/wp-content\/uploads\/2023\/09\/LOGOTIPO-IRCA-CASABIERTA-COMPLETO.png","contentUrl":"https:\/\/ircacasabierta.org\/wp-content\/uploads\/2023\/09\/LOGOTIPO-IRCA-CASABIERTA-COMPLETO.png","width":1651,"height":474,"caption":"IRCA CASABIERTA"},"image":{"@id":"https:\/\/ircacasabierta.org\/#\/schema\/logo\/image\/"},"sameAs":["https:\/\/www.facebook.com\/IRCA.CASABIERTA","https:\/\/x.com\/ICasabierta","https:\/\/www.instagram.com\/ircacasabierta\/"]},{"@type":"Person","@id":"https:\/\/ircacasabierta.org\/#\/schema\/person\/200a1025b20148423dc589e47a8001fd","name":"IRCA CASABIERTA","image":{"@type":"ImageObject","inLanguage":"en-US","@id":"https:\/\/ircacasabierta.org\/#\/schema\/person\/image\/","url":"https:\/\/secure.gravatar.com\/avatar\/e0b467fa3d74b82f1f704b619e3fe947feaf2472fc212a65679857e93a7e39f6?s=96&d=mm&r=g","contentUrl":"https:\/\/secure.gravatar.com\/avatar\/e0b467fa3d74b82f1f704b619e3fe947feaf2472fc212a65679857e93a7e39f6?s=96&d=mm&r=g","caption":"IRCA CASABIERTA"},"sameAs":["http:\/\/www.ircacasabierta.org.com"],"url":"https:\/\/ircacasabierta.org\/en\/author\/user650a1cc39c825\/"}]}},"_links":{"self":[{"href":"https:\/\/ircacasabierta.org\/en\/wp-json\/wp\/v2\/posts\/79","targetHints":{"allow":["GET"]}}],"collection":[{"href":"https:\/\/ircacasabierta.org\/en\/wp-json\/wp\/v2\/posts"}],"about":[{"href":"https:\/\/ircacasabierta.org\/en\/wp-json\/wp\/v2\/types\/post"}],"author":[{"embeddable":true,"href":"https:\/\/ircacasabierta.org\/en\/wp-json\/wp\/v2\/users\/1"}],"replies":[{"embeddable":true,"href":"https:\/\/ircacasabierta.org\/en\/wp-json\/wp\/v2\/comments?post=79"}],"version-history":[{"count":19,"href":"https:\/\/ircacasabierta.org\/en\/wp-json\/wp\/v2\/posts\/79\/revisions"}],"predecessor-version":[{"id":10692,"href":"https:\/\/ircacasabierta.org\/en\/wp-json\/wp\/v2\/posts\/79\/revisions\/10692"}],"wp:featuredmedia":[{"embeddable":true,"href":"https:\/\/ircacasabierta.org\/en\/wp-json\/wp\/v2\/media\/80"}],"wp:attachment":[{"href":"https:\/\/ircacasabierta.org\/en\/wp-json\/wp\/v2\/media?parent=79"}],"wp:term":[{"taxonomy":"category","embeddable":true,"href":"https:\/\/ircacasabierta.org\/en\/wp-json\/wp\/v2\/categories?post=79"},{"taxonomy":"post_tag","embeddable":true,"href":"https:\/\/ircacasabierta.org\/en\/wp-json\/wp\/v2\/tags?post=79"}],"curies":[{"name":"wp","href":"https:\/\/api.w.org\/{rel}","templated":true}]}}